{"id":2778,"date":"2026-03-02T08:00:01","date_gmt":"2026-03-02T07:00:01","guid":{"rendered":"https:\/\/judith-anders.de\/?p=2778"},"modified":"2026-03-02T08:14:26","modified_gmt":"2026-03-02T07:14:26","slug":"studiopause-oeffnungszeiten","status":"publish","type":"post","link":"https:\/\/judith-anders.de\/en\/studiopause-oeffnungszeiten\/","title":{"rendered":"\u00d6ffnungszeiten"},"content":{"rendered":"\n<p>Es ist aufgrund privater Herausforderungen und der Umstrukturierung der Werkstatt immer noch sehr ruhig. Termine f\u00fcr Workshops sind aktuell leider immer noch nur f\u00fcr geschlossene Gruppen von 4-7 Personen auf Anfrage m\u00f6glich.<\/p>\n\n\n\n<h4 class=\"wp-block-heading\">Neuer Ateliershop!<\/h4>\n\n\n\n<p>Ich freue mich jedoch auf euren Besuch in meinem neuen Ateliershop!<br>Immer Dienstags zwischen 15.00 &#8211; 18.00 Uhr &#8211; oder auf Anfrage &#8211; k\u00f6nnt ihr mich vor Ort in der Ernst-Th\u00e4lmann-Str. 20 antreffen. <br><br>Vielen Dank f\u00fcr euer Verst\u00e4ndnis. <br>Herzliche Gr\u00fc\u00dfe, <br>Judith <\/p>\n","protected":false},"excerpt":{"rendered":"<p>Es ist aufgrund privater Herausforderungen und der Umstrukturierung der Werkstatt immer noch sehr ruhig. Termine f\u00fcr Workshops sind aktuell leider immer noch nur f\u00fcr geschlossene Gruppen von 4-7 Personen auf Anfrage m\u00f6glich. Neuer Ateliershop! Ich freue mich jedoch auf euren Besuch in meinem neuen Ateliershop!Immer Dienstags zwischen 15.00 &#8211; 18.00 Uhr &#8211; oder auf Anfrage [&hellip;]<\/p>\n","protected":false},"author":1,"featured_media":2316,"comment_status":"closed","ping_status":"closed","sticky":true,"template":"","format":"standard","meta":{"footnotes":""},"categories":[57],"tags":[],"translation":{"provider":"WPGlobus","version":"3.0.1","language":"en","enabled_languages":["de","en"],"languages":{"de":{"title":true,"content":true,"excerpt":false},"en":{"title":false,"content":false,"excerpt":false}}},"_links":{"self":[{"href":"https:\/\/judith-anders.de\/en\/wp-json\/wp\/v2\/posts\/2778"}],"collection":[{"href":"https:\/\/judith-anders.de\/en\/wp-json\/wp\/v2\/posts"}],"about":[{"href":"https:\/\/judith-anders.de\/en\/wp-json\/wp\/v2\/types\/post"}],"author":[{"embeddable":true,"href":"https:\/\/judith-anders.de\/en\/wp-json\/wp\/v2\/users\/1"}],"replies":[{"embeddable":true,"href":"https:\/\/judith-anders.de\/en\/wp-json\/wp\/v2\/comments?post=2778"}],"version-history":[{"count":7,"href":"https:\/\/judith-anders.de\/en\/wp-json\/wp\/v2\/posts\/2778\/revisions"}],"predecessor-version":[{"id":2807,"href":"https:\/\/judith-anders.de\/en\/wp-json\/wp\/v2\/posts\/2778\/revisions\/2807"}],"wp:featuredmedia":[{"embeddable":true,"href":"https:\/\/judith-anders.de\/en\/wp-json\/wp\/v2\/media\/2316"}],"wp:attachment":[{"href":"https:\/\/judith-anders.de\/en\/wp-json\/wp\/v2\/media?parent=2778"}],"wp:term":[{"taxonomy":"category","embeddable":true,"href":"https:\/\/judith-anders.de\/en\/wp-json\/wp\/v2\/categories?post=2778"},{"taxonomy":"post_tag","embeddable":true,"href":"https:\/\/judith-anders.de\/en\/wp-json\/wp\/v2\/tags?post=2778"}],"curies":[{"name":"wp","href":"https:\/\/api.w.org\/{rel}","templated":true}]}}